{"id":1580,"date":"2019-06-06T20:36:53","date_gmt":"2019-06-07T00:36:53","guid":{"rendered":"https:\/\/corridorappalachien.ca\/appalachian-corridor-and-conservation-espace-nature-shefford-protect-41-hectares-101-acres-in-shefford\/"},"modified":"2025-05-15T10:51:26","modified_gmt":"2025-05-15T14:51:26","slug":"appalachian-corridor-and-conservation-espace-nature-shefford-protect-41-hectares-101-acres-in-shefford","status":"publish","type":"post","link":"https:\/\/corridorappalachien.ca\/en\/appalachian-corridor-and-conservation-espace-nature-shefford-protect-41-hectares-101-acres-in-shefford\/","title":{"rendered":"Appalachian Corridor and Conservation Espace Nature Shefford  protect 41 hectares (101 acres) in Shefford"},"content":{"rendered":"<p>Appalachian Corridor and Conservation Espace Nature Shefford (CENS) are pleased to announce the protection of nearly 41 hectares (ha) in the Bromont-Shefford corridor, a high priority wildlife corridor. This newly protected natural area brings to more than 13,500 ha the network protected by Appalachian Corridor and its partners in the Appalachian region of Southern Quebec. \u201cThe acquisition of this property by CENS, a long-time partner and affiliate of Appalachian Corridor, will contribute to maintain ecosystem connectivity by protecting forest and wetland habitats located in the heart of the wildlife corridor, allowing the movement of species between the Brome and Shefford Mountains on both sides of Highway 10\u201d explained M\u00e9lanie Leli\u00e8vre, Executive Director of Appalachian Corridor.<\/p>\n<p><a href=\"https:\/\/www.corridorappalachien.ca\/wp-content\/uploads\/2019\/06\/COMMUNIQUE_SHEFFORD-ENG.pdf\">To learn more, read the news release.<\/a><\/p>\n<p>&nbsp;<\/p>\n<p><strong>From left to right\u00a0:<br \/>\n<\/strong>Mr. Gosselin and Ms. Thibault, formerly landowners, Mr. Pierre Breton, MP for Shefford, M\u00e9lanie Leli\u00e8vre, Executive DIrector at Appalachian Corridor, Marie-Jos\u00e9 Auclair, President of the Board Appalachian Corridor, Johanne Gauvin from the office of Isabelle Charest, MNA for Brome-Missisquoi and minister, Mr. \u00c9ric Chagnon, Mayor of Shefford, Mr. Richard Lachance, Vice-President of CENS<\/p>\n","protected":false},"excerpt":{"rendered":"<p>Appalachian Corridor and Conservation Espace Nature Shefford (CENS) are pleased to announce the protection of nearly 41 hectares (ha) in the Bromont-Shefford corridor, a high priority wildlife corridor. This newly protected natural area brings to more than 13,500 ha the network protected by Appalachian Corridor and its partners in the Appalachian region of Southern Quebec.<\/p>\n","protected":false},"author":34,"featured_media":0,"comment_status":"closed","ping_status":"closed","sticky":false,"template":"","format":"standard","meta":{"_acf_changed":false,"_kad_blocks_custom_css":"","_kad_blocks_head_custom_js":"","_kad_blocks_body_custom_js":"","_kad_blocks_footer_custom_js":"","_kad_post_transparent":"","_kad_post_title":"","_kad_post_layout":"","_kad_post_sidebar_id":"","_kad_post_content_style":"","_kad_post_vertical_padding":"","_kad_post_feature":"","_kad_post_feature_position":"","_kad_post_header":false,"_kad_post_footer":false,"_kad_post_classname":"","footnotes":""},"categories":[],"tags":[],"class_list":["post-1580","post","type-post","status-publish","format-standard","hentry"],"acf":[],"taxonomy_info":[],"featured_image_src_large":false,"author_info":{"display_name":"Isabelle St\u00e9benne","author_link":"https:\/\/corridorappalachien.ca\/en\/author\/isabelle-stebenne\/"},"comment_info":0,"category_info":[],"tag_info":false,"_links":{"self":[{"href":"https:\/\/corridorappalachien.ca\/en\/wp-json\/wp\/v2\/posts\/1580","targetHints":{"allow":["GET"]}}],"collection":[{"href":"https:\/\/corridorappalachien.ca\/en\/wp-json\/wp\/v2\/posts"}],"about":[{"href":"https:\/\/corridorappalachien.ca\/en\/wp-json\/wp\/v2\/types\/post"}],"author":[{"embeddable":true,"href":"https:\/\/corridorappalachien.ca\/en\/wp-json\/wp\/v2\/users\/34"}],"replies":[{"embeddable":true,"href":"https:\/\/corridorappalachien.ca\/en\/wp-json\/wp\/v2\/comments?post=1580"}],"version-history":[{"count":1,"href":"https:\/\/corridorappalachien.ca\/en\/wp-json\/wp\/v2\/posts\/1580\/revisions"}],"predecessor-version":[{"id":1778,"href":"https:\/\/corridorappalachien.ca\/en\/wp-json\/wp\/v2\/posts\/1580\/revisions\/1778"}],"wp:attachment":[{"href":"https:\/\/corridorappalachien.ca\/en\/wp-json\/wp\/v2\/media?parent=1580"}],"wp:term":[{"taxonomy":"category","embeddable":true,"href":"https:\/\/corridorappalachien.ca\/en\/wp-json\/wp\/v2\/categories?post=1580"},{"taxonomy":"post_tag","embeddable":true,"href":"https:\/\/corridorappalachien.ca\/en\/wp-json\/wp\/v2\/tags?post=1580"}],"curies":[{"name":"wp","href":"https:\/\/api.w.org\/{rel}","templated":true}]}}